{"id":97096,"date":"2025-09-15T04:18:57","date_gmt":"2025-09-15T01:18:57","guid":{"rendered":"https:\/\/www.technotherm.com.tr\/?p=97096"},"modified":"2025-09-15T04:18:59","modified_gmt":"2025-09-15T01:18:59","slug":"lorenzo-nyerte-az-olasz-motogp-t-marquez-bukasa-pedig-ujraelesztette-a-bajnoksagot","status":"publish","type":"post","link":"https:\/\/www.technotherm.com.tr\/en\/lorenzo-nyerte-az-olasz-motogp-t-marquez-bukasa-pedig-ujraelesztette-a-bajnoksagot\/","title":{"rendered":"Lorenzo nyerte az olasz MotoGP-t, Marquez buk\u00e1sa pedig \u00fajra\u00e9lesztette a bajnoks\u00e1got"},"content":{"rendered":"<div id=\"toc\" style=\"background: #f9f9f9;border: 1px solid #aaa;display: table;margin-bottom: 1em;padding: 1em;width: 350px;\">\n<p class=\"toctitle\" style=\"font-weight: 700;text-align: center;\">Cikkek<\/p>\n<ul class=\"toc_list\">\n<li><a href=\"#toc-0\">Bet at home bejelentkez\u00e9s: Sepang MotoGP Shakedown teszt &#8211; 1. nap a megt\u00f6rt\u00e9nte \u00f3ta<\/a><\/li>\n<li><a href=\"#toc-1\">Gresini Race MotoGP\u2122<\/a><\/li>\n<li><a href=\"#toc-2\">Olasz Moto3 eredm\u00e9nyek \u2013 Moto3 id\u0151m\u00e9r\u0151<\/a><\/li>\n<li><a href=\"#toc-3\">Elad\u00f3 a Tokyo 25 k\u00f6z\u00f6ss\u00e9gi sportc\u00edmeinek tulajdonjog\u00e1t megtestes\u00edt\u0151 jegy<\/a><\/li>\n<li><a href=\"#toc-4\">MotoGP Olasz Nagyd\u00edj hat\u00e1sa a kvalifik\u00e1ci\u00f3ra<\/a><\/li>\n<li><a href=\"#toc-5\">L\u00e9tes\u00edtm\u00e9nyk\u00f6z\u00f6ss\u00e9gek: A MotoGP\u2122 2024 er\u0151m\u0171vei<\/a><\/li>\n<\/ul>\n<\/div>\n<p>Az Aprilia volt az egyetlen m\u00e1rka a Ducati mellett, amely seg\u00edtett megnyerni egy teljes id\u0151tartam\u00fa MotoGP\u2122 versenyt 2024-ben, k\u00f6sz\u00f6nhet\u0151en Vi\u00f1ales gy\u0151zelm\u00e9nek az amerikai nagyd\u00edjon. Ismerd meg a MotoGP\u2122 2024 teljes \u00f6nseg\u00edt\u0151 \u00fatmutat\u00f3j\u00e1t \u2013 ismerd meg a legjobb szervezeteket, a szt\u00e1rker\u00e9kp\u00e1rosokat, \u00e9s tedd meg a legnagyobb l\u00e9p\u00e9seket, hogy nagyszer\u0171 vil\u00e1gbajnoki c\u00edmet szerezz id\u00e9n. <!--more--> Az \u00faj Pramac Ducati szt\u00e1r m\u00e1s k\u00f6rt futott, mint a h\u00e9tb\u0151l a m\u00e1sodikat, mind\u00f6ssze 0,043 m\u00e1sodperccel megel\u0151zve Bagnai\u00e1t. Teljes id\u0151m\u00e9r\u0151 teljes\u00edtm\u00e9ny, \u00e9s m\u00e1ris rajthoz \u00e1llhatsz a h\u00e9tf\u0151i sprinten, \u00e9s alapvet\u0151 h\u00e9tv\u00e9gi versenyben vehetsz r\u00e9szt az olasz MotoGP-ben Mugell\u00f3ban, a 2024-es vil\u00e1gbajnoki c\u00edm\u00e9rt foly\u00f3 7. pontban (21-b\u0151l).<\/p>\n<p>Alex Marquez, a Bagnaia-val szerzett tapasztalatai ellen\u00e9re, kijelentette, hogy els\u0151k\u00e9nt k\u00f6zvetlen\u00fcl a Q2-be tud bejutni a Language GP-n \u2013 ezzel a 8. helyen z\u00e1rva egy nagyszer\u0171 h\u00e9tf\u0151i versenyt, Gresinivel z\u00e1rva. Az \u00faj #73-as aut\u00f3 m\u00f6g\u00f6tt Vi\u00f1ales \u00e1ll, aki a kilencedik helyen esett vissza az Aprilia Race csapatt\u00e1rsa, Aleix Espargaro el\u0151tt, aki az utols\u00f3 helyet szerezte meg a d\u00f6nt\u0151ben, \u00edgy szombaton bejutott a kvalifik\u00e1ci\u00f3ba. Fabio Quartararo felh\u00e1borodott az ellentmond\u00e1sokon, mivel Miguel Oliveira nem kapott b\u00fcntet\u00e9st, amikor az els\u0151 k\u00f6rben \u00fagy d\u00f6nt\u00f6tt, hogy elkapja. Pedro Acosta v\u00e9gleges\u00edtett egy KTM-mel val\u00f3 b\u0151v\u00edt\u00e9st, amivel feljebb l\u00e9phet a st\u00e1bj\u00e1hoz 2025-ben, \u00e9s a 26. helyen fog feljebb l\u00e9pni. V\u00e9g\u00fcl nem siker\u00fclt el\u00e9g saj\u00e1t pontsz\u00e1mot el\u00e9rnie ahhoz, hogy el\u0151rel\u00e9pjen, \u00e9s v\u00e1ls\u00e1gba ker\u00fclt a leg\u00fajabb dobog\u00f3s hely\u00e9rt folytatott k\u00fczdelem is, mik\u00f6zben az Ortola kics\u00faszott a k\u00e9t kanyarban, beteljes\u00edtve a dobog\u00f3r\u00f3l sz\u0151tt \u00e1lmait.<\/p>\n<h2 id=\"toc-0\">Bet at home bejelentkez\u00e9s: Sepang MotoGP Shakedown teszt &#8211; 1. nap a megt\u00f6rt\u00e9nte \u00f3ta<\/h2>\n<p>B\u00e1r a csapatvezet\u00e9s sz\u00e1mos tagja megpr\u00f3b\u00e1l kihagyni a saj\u00e1t Shakedown elej\u00e9t a holnapi Honda-rajt miatt Indon\u00e9zi\u00e1ban, az \u00faj technikai menedzser, Romano Albesiano itt van, hogy egy napot fel\u00fcgyeljen a probl\u00e9m\u00e1kra. A nap utols\u00f3 \u00f3r\u00e1iban az \u00fajonc Ai Ogura a legjobb pillanatait forgatja, hogy a m\u00e1sodik helyre ugorjon, Pol Espargaro \u00e9s Takaaki Nakagami k\u00f6z\u00f6tt. Az \u00fajoncok, Ai Ogura, Fermin Aldeguer \u00e9s Somkiat Chantra, gy\u00e1ri tesztmotorosok \u00e9s a Yamaha, valamint a Honda (a gy\u00e1rt\u00f3 D koncesszi\u00f3s besorol\u00e1s\u00e1nak k\u00f6sz\u00f6nhet\u0151en) teljes k\u00f6r\u0171 harcosai kvalifik\u00e1lj\u00e1k magukat az \u00faj Shakedownra. A leg\u00fajabb MotoGP\u2122 szervezetek \u00e9s gy\u00e1rt\u00f3k \u00e1ltal\u00e1ban az\u00e9rt k\u00fczdenek, hogy egyre tehets\u00e9gesebb \u00e9s nagyobb versenyz\u0151ket vonzzanak, a szezonbeli versenyz\u0151k mozg\u00e1saira szinte \u00e1lland\u00f3 becsl\u00e9ssel.<\/p>\n<h2 id=\"toc-1\">Gresini Race MotoGP\u2122<\/h2>\n<p><img decoding=\"async\" src=\"http:\/\/yourbotswana.com\/wp-content\/uploads\/2018\/02\/yb-sports-betting.png\" alt=\"bet at home bejelentkez\u00e9s\" border=\"1\" align=\"left\" style=\"padding: 0px;\"><\/p>\n<p>Ez mindenk\u00e9ppen egy \u00fajabb szezon volt, mivel ez volt az FIM vil\u00e1gbajnoks\u00e1g 1949-es megalap\u00edt\u00e1s\u00e1nak 75. \u00e9vfordul\u00f3ja. A leg\u00fajabb, 2018-as FIM <a href=\"https:\/\/fogadas-sport.com\/bet-at-home\/\">bet at home bejelentkez\u00e9s<\/a> MotoGP k\u00f6z\u00f6ss\u00e9gi bajnoks\u00e1g az \u00faj, 70. F.We.Meters. Highway Rushing vil\u00e1gbajnoks\u00e1g szezonj\u00e1nak leg\u00fajabb, legnagyobb csal\u00e1dja. Marc M\u00e1rquez regn\u00e1l\u00f3 bajnokk\u00e9nt l\u00e9pett p\u00e1ly\u00e1ra a szezonban, a Repsol Honda volt a regn\u00e1l\u00f3 csoportgy\u0151ztes, a Honda pedig a leg\u00fajabb regn\u00e1l\u00f3 konstrukt\u0151ri gy\u0151ztes.<\/p>\n<p>Casadei a k\u00f6zelj\u00f6v\u0151ben megmutatta, mennyire j\u00f3 form\u00e1ban van, miut\u00e1n a #40-es aut\u00f3 a harmadik k\u00f6rre el\u0151rel\u00e9pett, \u00e9s b\u00e1tran \u00e1t\u00e1llt San Donatoba. Nagy sebess\u00e9ggel Casadei, Zannoni \u00e9s Nicholas Spinelli (Tech3 E-Racing) elkezdt\u00e9k elvenni a vezet\u00e9st a rajtr\u00e1csr\u00f3l, miel\u0151tt Spinelli hamarosan k\u00e9nytelen volt egy csod\u00e1latos ment\u00e9sb\u0151l kih\u00fazni a ringet. Materassinak k\u00f6sz\u00f6nhet\u0151en \u00e1tvette a vezet\u00e9st, \u00e9s valamilyen okn\u00e1l fogva legy\u0151zte a MotoE\u2122 adogat\u00e1sait, folytatta, b\u00e1r most m\u00e1r az \u00f6t\u00f6dik k\u00f6rben elbukott.<\/p>\n<ul>\n<li>Jorge Martin ir\u00e1ny\u00edtja a friss versenyz\u0151k tabell\u00e1j\u00e1t a h\u00e9tv\u00e9g\u00e9n Mugell\u00f3ban megrendez\u00e9sre ker\u00fcl\u0151 MotoGP Olasz Nagyd\u00edj el\u0151tt.<\/li>\n<li>A leg\u00fajabb Gresini Ducati versenyz\u0151, a Dash-b\u00f3l ismert Bagnaia, val\u00f3j\u00e1ban a leg\u00fajabb alkatr\u00e9szb\u0151l kisz\u00edvott cigarett\u00e1t sz\u00edvja, val\u00f3sz\u00edn\u0171leg a trip-peak rendszere miatt.<\/li>\n<li>Neh\u00e9z volt megtartani a csatorn\u00e1kat, az egyiken r\u00f6viden bubor\u00e9koltak a nyugodt k\u00f6zeled\u00e9sr\u0151l, mivel Martin t\u00edz k\u00f6r ut\u00e1n er\u0151sen ment San Donato fel\u00e9, de a sr\u00e1c vissza\u00e9rt.<\/li>\n<li>Most egy el\u0151zetes sz\u00fcnet v\u00e1r r\u00e1d, miel\u0151tt m\u00e9g nagyobb teljes\u00edtm\u00e9nyt ny\u00fajtan\u00e1l az \u00faj Motul TT Assenben, k\u00f6r\u00fclbel\u00fcl h\u00e1rom napon bel\u00fcl, az \u00faj versenynapt\u00e1r tal\u00e1n leglegend\u00e1sabb helysz\u00edn\u00e9n, ahol versenyeket rendeztek, \u00e9s a legut\u00f3bbi sik\u00e1nban is kit\u00f6rhetsz.<\/li>\n<li>San Donato goly\u00f3 azonban elhallgatott, \u00e9s a bajnoks\u00e1g parancsnoka kics\u00faszott az oldalvonalra.<\/li>\n<\/ul>\n<h2 id=\"toc-2\">Olasz Moto3 eredm\u00e9nyek \u2013 Moto3 id\u0151m\u00e9r\u0151<\/h2>\n<p>Annak ellen\u00e9re, hogy a jap\u00e1n gy\u00e1rt\u00f3 \u00faj motorra k\u00edv\u00e1n v\u00e1ltani, a v\u00e1lt\u00f3gombon m\u00e9g nem sz\u00fcletett menetrend. A Yamaha versenyz\u0151kt\u0151l t\u00e1vol l\u00e9v\u0151 n\u00e9gyese &#8211; Fabio Quartararo \u00e9s Alex Rins a Beastt\u0151l, valamint Jack Miller \u00e9s Miguel Oliveira az \u00faj Pramac v\u00e1llalkoz\u00e1st\u00f3l &#8211; egy Kuala Lumpurban megrendez\u00e9sre ker\u00fcl\u0151 bemutat\u00f3ra van fenntartva, p\u00e9ntek este. 339 nagyd\u00edj &#8211; \u00e9s k\u00f6r\u00fclbel\u00fcl h\u00e1rom im\u00e1dott MotoGP\u2122 gy\u0151zelem ut\u00e1n &#8211; Espargaro kalandja a 2024-es utols\u00f3 vas\u00e1rnapi, otthoni helysz\u00edn\u00fck\u00f6n, az \u00faj Circuit de Barcelona-Catalunya p\u00e1ly\u00e1n \u00e9r v\u00e9get. A szakma bajnoka, Bagnaia k\u00f6r\u00fclbel\u00fcl h\u00e1rom rajtkock\u00e1s rajtb\u00fcntet\u00e9st k\u00edn\u00e1l vas\u00e1rnapra (b\u00e1r nem a d\u00e9lel\u0151tti futamra), miut\u00e1n megakad\u00e1lyozta Alex Marquezt a keddi versenyen. Jorge Martin n\u00e9vf\u0151n\u00f6k a nagyszer\u0171 h\u0151st, Francesco Bagnai\u00e1t 2024-es olasz MotoGP-n, Mugell\u00f3ban \u00e1ll\u00edtotta le, hogy j\u00f3 \u00e1llapotban legyen.<\/p>\n<h2 id=\"toc-3\">Elad\u00f3 a Tokyo 25 k\u00f6z\u00f6ss\u00e9gi sportc\u00edmeinek tulajdonjog\u00e1t megtestes\u00edt\u0151 jegy<\/h2>\n<p>Az, hogy Martin is dobog\u00f3s helyen v\u00e9gzett, elvesztette bajnoki \u00e9rdemeit, \u00edgy 18 dologban is megmutatkozhatott Olaszorsz\u00e1gban. Mindek\u00f6zben az \u00faj #89-es aut\u00f3 m\u00f6g\u00f6tt \u2013 \u00e9s nem is annyira a nagy dobog\u00f3 miatt \u2013 Marc Marquez (Gresini Rushing MotoGP\u2122) \u00e1ll, aki egy kiv\u00e1l\u00f3 dobog\u00f3s hely ut\u00e1n szorosan lemaradva, egyszer csak a harmadik helyr\u0151l j\u00f6tt fel \u2013 ezzel szinte az \u00f6sszes dobog\u00f3s v\u00e1rost megnyerve az Olasz Nagyd\u00edjon. Minden vezet\u0151 v\u00e1ros \u2013 Bagnaia, Martin, Bastianini, Marc Marquez, Pedro Acosta, Franco Morbidelli \u00e9s tal\u00e1n Maverick Vinales \u2013 tov\u00e1bbra is uralta az \u00faj 23 k\u00f6r nagy r\u00e9sz\u00e9t, am\u00edg Marc Marquez v\u00e9g\u00fcl Bastianinit nem vezette be a harmadik helyre. A c\u00edmv\u00e9d\u0151 Sergio Garcia (MT Helmets \u2013 MSI) \u00e9s Roberts a saj\u00e1t kateg\u00f3ri\u00e1juk elej\u00e9n k\u00fczd\u00f6ttek meg a legmagasabb hely\u00e9rt, miel\u0151tt Chantra elkezdett volna javulni, a leg\u00fajabb thai pil\u00f3ta pedig csak egym\u00e1st tudta legy\u0151zni. Garcia is megel\u0151zte a sokkal t\u00f6bb versenyz\u0151t, \u00e9s a verseny v\u00e9g\u00e9re eg\u00e9szen a 8. helyre cs\u00faszott vissza, miut\u00e1n Aron Canet (Fantic Racing), az RW-Idrofoglia Rushing GP versenyz\u0151je, Barry Baltus \u00e9s Filip Salac (Elf Marc VDS Racing People) az \u00f6t\u00f6dik, illetve a hetedik helyet szerezt\u00e9k meg.<\/p>\n<h2 id=\"toc-4\">MotoGP Olasz Nagyd\u00edj hat\u00e1sa a kvalifik\u00e1ci\u00f3ra<\/h2>\n<p><img decoding=\"async\" src=\"https:\/\/www.mobilewins.co.uk\/wp-content\/uploads\/2019\/04\/mobilewins_header_sportsbook_tc_new.jpg\" alt=\"bet at home bejelentkez\u00e9s\" align=\"left\" border=\"1\"><\/p>\n<p>M\u00f6g\u00f6tt\u00fck a leg\u00fajabb versenyz\u0151k kem\u00e9nyen \u00e9s gyorsan \u00e9rkeztek, a 12. helyen \u00e1ll\u00f3 Jordi Torres kevesebb mint 2,4 m\u00e1sodperccel lemaradva Granado m\u00f6g\u00f6tt a harmadik helyen v\u00e9gzett. Andrea Mantovani (KILNT Give Facility People) v\u00e9gzett az els\u0151 n\u00e9gyben, m\u00edg a pole poz\u00edci\u00f3b\u00f3l indul\u00f3 Alessandro Zaccone (Tech3 Elizabeth-Racing) a hatodik helyen v\u00e9gzett, k\u00f6zvetlen\u00fcl Matteo Ferrari (Felo Gresini MotoE) m\u00f6g\u00f6tt, aki jobb eredm\u00e9nyeket \u00e9rt el a hetedik helyen. Ezut\u00e1n a lemarad\u00e1sban l\u00e9v\u0151, a bajnoks\u00e1gban harmadik helyen \u00e1ll\u00f3 Oscar Gutierrez (Axxis-MSI) csak a 10. helyre tud felz\u00e1rk\u00f3zni, csup\u00e1n a kilencedik helyen l\u00e9v\u0151, \u00fajonc Spinelli miatt. V\u00e9g\u00fcl Casadei volt az, aki \u00fcgyesen megtartotta a gy\u0151zelmet, ezzel az els\u0151 helyen a szezonnyit\u00f3 futam \u00f3ta. De \u00f6sszess\u00e9g\u00e9ben a gy\u0151ztes \u00f6r\u00fclt, a t\u00f6bbiek morgol\u00f3dtak, amikor Jordi Torres (Openbank Aspar People) az utols\u00f3 k\u00f6rben kifulladt, mik\u00f6zben a gy\u0151ztesnek gondot okozott a top 10-ben marad\u00e1s.<\/p>\n<ul>\n<li>A MotoGP\u2122 legenda \u00e9s a nemzetk\u00f6zi motorsport egyik legnagyobb h\u00edress\u00e9ge, Valentino Rossi tulajdon\u00e1ban l\u00e9v\u0151 vadonat\u00faj Pertamina Enduro VR46 Racing Group a kezdetekt\u0151l fogva egyedi st\u00edlust visz a ringbe, \u00e9s te is sz\u00ednezheted a rajtr\u00e1csot a MotoGP\u2122 rajtr\u00e1csra.<\/li>\n<li>Veijer a Scarperia-i fagy k\u00e9s\u0151bbi szakasz\u00e1ban a saj\u00e1t rajtr\u00e1csod k\u00f6vetkez\u0151 sor\u00e1ra gondol, mivel a #95-\u00f6s aut\u00f3k a gyors k\u00f6r\u00f6kre val\u00f3k.<\/li>\n<li>\u00d6t versenyt kell m\u00e9g megl\u00e1togatniuk, \u00fagy t\u0171nt, mintha Alonso megpr\u00f3b\u00e1lna pihenni, ami Veijernek is adott p\u00e1r k\u00f6rt, hogy a k\u00f6vetkez\u0151ben m\u00e9g t\u00f6bbet tegyen, \u00e9s elegend\u0151 leveg\u0151h\u00f6z jusson, miel\u0151tt megpr\u00f3b\u00e1lta volna b\u00facs\u00faztatni az \u00faj kolumbiait.<\/li>\n<li>Francesco Bagnaia (Ducati Lenovo Group) gyakorlatilag egy remek h\u00e9tv\u00e9g\u00e9t produk\u00e1lt hazai p\u00e1ly\u00e1n, mesteri gy\u0151zelmet aratva a Mayor Premio d&#39;Italia Brembo d\u00edjon.<\/li>\n<\/ul>\n<h2 id=\"toc-5\">L\u00e9tes\u00edtm\u00e9nyk\u00f6z\u00f6ss\u00e9gek: A MotoGP\u2122 2024 er\u0151m\u0171vei<\/h2>\n<p>&quot;Az \u00faj er\u0151 \u00e9s a kih\u00edv\u00e1sok, amiket minden cs\u00facson felfedezhetsz, valamint a k\u00f6z\u00f6s szemek, amiket ezekben a korai hetekben l\u00e1ttam, optimizmussal t\u00f6ltenek el a j\u00f6v\u0151re n\u00e9zve.&quot; Val\u00f3j\u00e1ban hagyom\u00e1nyosan sz\u00e1mos versenyt rendeztek minden tud\u00e1sszinten a motorker\u00e9kp\u00e1rok k\u00fcl\u00f6nb\u00f6z\u0151 kateg\u00f3ri\u00e1iban, a motor m\u00e9rete \u00e9s az oldalkocsik kateg\u00f3ri\u00e1ja alapj\u00e1n. V\u00e9g\u00fcl l\u00e9teztek 50 cm3-es, 80 cm3-es, 125 cm3-es, 250 cm3-es, 350 cm3-es, 500 cm3-es \u00e9s ak\u00e1r 750 cm3-es oldalkocsik kateg\u00f3ri\u00e1i, valamint 350 \u00e9s 500 cm3-es oldalkocsik. Az 1960-as \u00e9vekt\u0151l, a rendszertervez\u00e9s \u00e9s a technol\u00f3gia fejl\u0151d\u00e9s\u00e9nek k\u00f6sz\u00f6nhet\u0151en, a k\u00e9ttengelyes t\u00e1mad\u00e1s\u00fa motorok el\u0151sz\u00f6r a gyorsabb t\u00edpusokra v\u00e1ltottak.<\/p>\n","protected":false},"excerpt":{"rendered":"<p>Cikkek Bet at home bejelentkez\u00e9s: Sepang MotoGP Shakedown teszt &#8211; 1. nap a megt\u00f6rt\u00e9nte \u00f3ta Gresini Race MotoGP\u2122 Olasz Moto3 eredm\u00e9nyek \u2013 Moto3 id\u0151m\u00e9r\u0151 Elad\u00f3 a Tokyo 25 k\u00f6z\u00f6ss\u00e9gi sportc\u00edmeinek tulajdonjog\u00e1t megtestes\u00edt\u0151 jegy MotoGP Olasz Nagyd\u00edj hat\u00e1sa a kvalifik\u00e1ci\u00f3ra L\u00e9tes\u00edtm\u00e9nyk\u00f6z\u00f6ss\u00e9gek: A MotoGP\u2122 2024 er\u0151m\u0171vei Az Aprilia volt az egyetlen m\u00e1rka a Ducati mellett, amely seg\u00edtett [&hellip;]<\/p>\n","protected":false},"author":1,"featured_media":0,"comment_status":"closed","ping_status":"closed","sticky":false,"template":"","format":"standard","meta":{"ngg_post_thumbnail":0,"footnotes":""},"categories":[1],"tags":[],"class_list":{"0":"post-97096","1":"post","2":"type-post","3":"status-publish","4":"format-standard","6":"category-genel"},"_links":{"self":[{"href":"https:\/\/www.technotherm.com.tr\/en\/wp-json\/wp\/v2\/posts\/97096","targetHints":{"allow":["GET"]}}],"collection":[{"href":"https:\/\/www.technotherm.com.tr\/en\/wp-json\/wp\/v2\/posts"}],"about":[{"href":"https:\/\/www.technotherm.com.tr\/en\/wp-json\/wp\/v2\/types\/post"}],"author":[{"embeddable":true,"href":"https:\/\/www.technotherm.com.tr\/en\/wp-json\/wp\/v2\/users\/1"}],"replies":[{"embeddable":true,"href":"https:\/\/www.technotherm.com.tr\/en\/wp-json\/wp\/v2\/comments?post=97096"}],"version-history":[{"count":1,"href":"https:\/\/www.technotherm.com.tr\/en\/wp-json\/wp\/v2\/posts\/97096\/revisions"}],"predecessor-version":[{"id":97097,"href":"https:\/\/www.technotherm.com.tr\/en\/wp-json\/wp\/v2\/posts\/97096\/revisions\/97097"}],"wp:attachment":[{"href":"https:\/\/www.technotherm.com.tr\/en\/wp-json\/wp\/v2\/media?parent=97096"}],"wp:term":[{"taxonomy":"category","embeddable":true,"href":"https:\/\/www.technotherm.com.tr\/en\/wp-json\/wp\/v2\/categories?post=97096"},{"taxonomy":"post_tag","embeddable":true,"href":"https:\/\/www.technotherm.com.tr\/en\/wp-json\/wp\/v2\/tags?post=97096"}],"curies":[{"name":"wp","href":"https:\/\/api.w.org\/{rel}","templated":true}]}}