{"id":97098,"date":"2025-09-15T04:20:10","date_gmt":"2025-09-15T01:20:10","guid":{"rendered":"https:\/\/www.technotherm.com.tr\/?p=97098"},"modified":"2025-09-15T04:20:11","modified_gmt":"2025-09-15T01:20:11","slug":"mi-varhato-az-olasz-nagydijon-f1-es-verseny-es-a-kvalifikacio-programja","status":"publish","type":"post","link":"https:\/\/www.technotherm.com.tr\/en\/mi-varhato-az-olasz-nagydijon-f1-es-verseny-es-a-kvalifikacio-programja\/","title":{"rendered":"Mi v\u00e1rhat\u00f3 az Olasz Nagyd\u00edjon? F1-es verseny \u00e9s a kvalifik\u00e1ci\u00f3 programja"},"content":{"rendered":"<div id=\"toc\" style=\"background: #f9f9f9;border: 1px solid #aaa;display: table;margin-bottom: 1em;padding: 1em;width: 350px;\">\n<p class=\"toctitle\" style=\"font-weight: 700;text-align: center;\">Cikkek<\/p>\n<ul class=\"toc_list\">\n<li><a href=\"#toc-0\">Olasz Nagyd\u00edj id\u0151m\u00e9r\u0151 edz\u00e9se | bukm\u00e9ker<\/a><\/li>\n<li><a href=\"#toc-1\">Olasz Nagyd\u00edj selejtez\u0151 d\u00e1tuma<\/a><\/li>\n<li><a href=\"#toc-2\">Mit mondott a Pirelli az F1-es csapatoknak a Hamilton\/Sainz gumiabroncs-csal\u00f3d\u00e1ssal kapcsolatban?<\/a><\/li>\n<li><a href=\"#toc-3\">1. algoritmus Olasz GP oszt\u00e1ly id\u0151beoszt\u00e1sa az USA-ban (keleti id\u0151)<\/a><\/li>\n<li><a href=\"#toc-4\">Marmaray Isztambulon bel\u00fcl: \u00datvonalak, \u00e1llom\u00e1sok, \u00e1tsz\u00e1ll\u00e1sok, menetrend, \u00e9s itt tal\u00e1lja a leg\u00fajabb \u00e1rakat (<\/a><\/li>\n<li><a href=\"#toc-5\">Sport<\/a><\/li>\n<\/ul>\n<\/div>\n<p>A Sirkeci \u00e1llom\u00e1s k\u00f6nny\u0171 hozz\u00e1f\u00e9r\u00e9st biztos\u00edt az \u00faj t\u00f6rt\u00e9nelmi Emin\u00f6n\u00fc negyedhez, egykori oszm\u00e1n f\u0151v\u00e1roshoz, amely leny\u0171g\u00f6z\u0151 \u00e9p\u00edt\u00e9szeti <a href=\"https:\/\/fogadas-sport.com\/fogadasi-oldalak\/\">bukm\u00e9ker<\/a> csod\u00e1kkal rendelkezik, mint p\u00e9ld\u00e1ul a Hagia Sophia \u00e9s a K\u00e9k Mecset. Ugyanakkor a k\u00f6rnyez\u0151 kompkik\u00f6t\u0151k sokkal k\u00f6nnyebb k\u00f6zleked\u00e9si kapcsolatokat k\u00edn\u00e1lnak, hogy t\u00f6bbet megtudjunk az \u00faj Boszporuszr\u00f3l \u00e9s a Hercegorsz\u00e1gokr\u00f3l, a M\u00e1rv\u00e1ny-tengeren \u00e1t\u00edvel\u0151 idilli orsz\u00e1gok csoportj\u00e1r\u00f3l. <!--more--> Ezek jelzik Hamilton els\u0151 csapatv\u00e1lt\u00e1s\u00e1t 2013 \u00f3ta, amikor a McLarent\u0151l Mercedest igazolt \u2013 az \u00faj brit f\u00e9l tucat aut\u00f3versenyz\u0151i c\u00edmet nyert, \u00e9s nyolc konstrukt\u0151ri c\u00edmre nevezett be az Ez\u00fcst Nyilakban. Az els\u0151 napon Hamilton egy friss\u00edt\u00e9st tett k\u00f6zz\u00e9 k\u00f6z\u00f6ss\u00e9gi m\u00e9dia fel\u00fcletein, egy k\u00e9pet felt\u00f6ltve r\u00f3la, amelyen tov\u00e1bbi Ferrari csapataut\u00f3kat p\u00f3zol egy teljesen fekete \u00f6lt\u00f6nyben \u00e9s egy F40 sportaut\u00f3 mellett. Annak ellen\u00e9re, hogy n\u00e9gy gy\u0151zelmet aratott, az \u00faj holland tov\u00e1bbra is Norris el\u0151tt \u00e1ll a versenyz\u0151k verseny\u00e9ben, 70 f\u00e9r\u0151helyes el\u0151nnyel Olaszorsz\u00e1g fel\u00e9. H\u00e9t m\u00e1sik aut\u00f3versenyz\u0151 is szerzett eddig gy\u0151zelmet ebben az \u00e9vben, k\u00f6zt\u00fck Carlos Sainz, Charles Leclerc, George Russell \u00e9s Oscar Piastri is, akik mindannyian biztos\u00edtott\u00e1k be egy\u00e9ni gy\u0151zelm\u00fcket.<\/p>\n<p>A telev\u00edzi\u00f3ban k\u00f6zvet\u00edtett sportesem\u00e9nyek helyzete, valamint a fejl\u0151d\u00e9s, a n\u00e9z\u0151pontok \u00e9s az \u00e9l\u0151 k\u00f6zvet\u00edt\u00e9s m\u00f3djai. A Ferrari folytatta a j\u00f3 szerepl\u00e9st otthon\u00e1ban a 2000-es, 2002-es, 2003-as \u00e9s 2004-es sikerekkel. Legut\u00f3bbi, 2006-os versenygy\u0151zelm\u00fck ut\u00e1n Schumacher bejelentette visszavonul\u00e1s\u00e1t a Formula\u20131-es szezonb\u00f3l az \u00e9v v\u00e9g\u00e9n. A McLarennek az \u00e9v versenye volt a sorsa, de miut\u00e1n Prost motorhib\u00e1k miatt felmondott, csapatt\u00e1rsa, Ayrton Senna a m\u00falt heti b\u00f3j\u00e1n\u00e1l balesetet szenvedett, mik\u00f6zben k\u00e9t k\u00f6rrel a v\u00e9ge el\u0151tt vezettek. Az \u00faj rendszert a tavalyi szezonban egy als\u00f3bb lig\u00e1s versenyen haszn\u00e1lt\u00e1k, Nelson Piquet nyerte az \u00faj versenyt a Brabham sz\u00edneiben, miut\u00e1n Jean-Pierre Jabouille-t k\u00e9t turb\u00f3s Renault-val kiesett, \u00e9s Rene Arnoux is visszavonult.<\/p>\n<p>A 3 d\u00e1tumos szezonra sz\u00f3l\u00f3 megold\u00e1s az \u00faj \u00e9lm\u00e9ny teljes \u00e9lettartam\u00e1ra igaz, f\u00fcggetlen\u00fcl att\u00f3l, hogy legal\u00e1bb egy h\u00f3napot nem tesznek bele. A k\u00f6r\u00fclbel\u00fcl h\u00e1rom d\u00e1tumra sz\u00f3l\u00f3 id\u00e9zetjegyek mindegyike egyetlen kedvezm\u00e9nyt tartalmaz, amelyet a hiteless\u00e9g d\u00e1tumai nem osztanak fel. T\u00falkorm\u00e1nyoztam48 azzal a c\u00e9llal, hogy ne engedjem meg m\u00e1s motorsport-rajong\u00f3kat, akik maguk is szeretn\u00e9nek versenyt n\u00e9zni.<\/p>\n<h2 id=\"toc-0\">Olasz Nagyd\u00edj id\u0151m\u00e9r\u0151 edz\u00e9se | bukm\u00e9ker<\/h2>\n<p><img decoding=\"async\" src=\"https:\/\/www.brsoftech.com\/boot3\/images\/design_15\/sports-betting-dev\/Sports-Betting-Website-Development-twitter.jpg\" alt=\"bukm\u00e9ker\" style=\"padding: 20px;\" align=\"left\" border=\"0\"><\/p>\n<p>Az Ayr\u0131l\u0131k \u00c7e\u015fmesi-csatorna csom\u00f3pontk\u00e9nt szolg\u00e1l az M4-es metr\u00f3vonal (Kad\u0131k\u00f6y \u2013 Sabiha Gokcen rep\u00fcl\u0151t\u00e9r) fel\u00e9, hozz\u00e1f\u00e9r\u00e9st biztos\u00edtva a friss, ny\u00fczsg\u0151 Kad\u0131k\u00f6y negyedhez. Az \u00e9l\u00e9nk utcai \u00e9let\u00e9r\u0151l, a modern \u00e9tkez\u00e9si \u00e9lm\u00e9nyr\u0151l \u00e9s a vir\u00e1gz\u00f3 m\u0171v\u00e9szeti vil\u00e1gr\u00f3l ismert Kad\u0131k\u00f6y kihagyhatatlan \u00fati c\u00e9l az igazi isztambuli \u00e9lm\u00e9nyre v\u00e1gy\u00f3 l\u00e1togat\u00f3k sz\u00e1m\u00e1ra. A Florya Tank \u00e1llom\u00e1s a kapu az isztambuli Tankhoz, a vil\u00e1g egyik legnagyobb \u00e9s legv\u00e1ltozatosabb tengeri k\u00f6rnyezet\u00e9hez.<\/p>\n<h2 id=\"toc-1\">Olasz Nagyd\u00edj selejtez\u0151 d\u00e1tuma<\/h2>\n<p>Megadok egy aktu\u00e1lis e-mail c\u00edmet, benne a szem\u00e9lyes adataimmal a legfrissebb F1-es inform\u00e1ci\u00f3k\u00e9rt, \u00e9s a versenyteljes\u00edtm\u00e9nyr\u0151l is. A verseny vil\u00e1gm\u00e9ret\u0171 k\u00f6zvet\u00edt\u00e9s\u00e9vel kapcsolatos inform\u00e1ci\u00f3k a hivatalos Formula 1 weboldalakon tal\u00e1lhat\u00f3k. Maradj naprak\u00e9sz a legnagyobb aut\u00f3szerel\u0151kkel \u00e9s ipar\u00e1gi gy\u0151ztesekkel, mint Lewis Hamilton, Max Verstappen \u00e9s Fernando Alonso, valamint olyanokkal, mint Lando Norris, George Russell \u00e9s Charles Leclerc.<\/p>\n<h2 id=\"toc-2\">Mit mondott a Pirelli az F1-es csapatoknak a Hamilton\/Sainz gumiabroncs-csal\u00f3d\u00e1ssal kapcsolatban?<\/h2>\n<p>Az \u00faj M1a vonal az Atat\u00fcrk rep\u00fcl\u0151t\u00e9rre is elviszi \u00d6nt, m\u00edg az M2 Leventb\u0151l Maslakba vezet a rendezv\u00e9nynegyedbe. Senki sem haszn\u00e1lhatja az \u00faj vonalat aut\u00f3val vagy motorral. Az Autodrome-on k\u00edv\u00fcli hossz\u00fa parkol\u00f3helyek \u00e9s a helysz\u00ednen l\u00e9v\u0151 l\u00e1togat\u00f3k \u00e1ltal\u00e1ban a nagy esem\u00e9nyhez k\u00f6zelebb helyezkednek el. A jegyek \u00e9s a p\u00e9nteki, h\u00e9tv\u00e9gi jegyek a hivatalos utakon v\u00e1s\u00e1rolhat\u00f3k meg az el\u00e9rhet\u0151s\u00e9g f\u00fcggv\u00e9ny\u00e9ben.<\/p>\n<h2 id=\"toc-3\">1. algoritmus Olasz GP oszt\u00e1ly id\u0151beoszt\u00e1sa az USA-ban (keleti id\u0151)<\/h2>\n<p>Vegy\u00e9tek fel a 2025-\u00f6s F1-es versenynapt\u00e1rat a napirendetekbe, hogy mindenk\u00e9ppen kattintsatok, \u00e9s ne hagyj\u00e1tok ki az \u00faj F1-es szezonotokat. Pereznek er\u0151s versenye volt, \u00e9s Verstappen m\u00f6g\u00f6tt az \u00faj Ferrarikkal is \u00f6sszecsaphat. Voltak sokkal intenz\u00edvebb meccsek is, k\u00f6zt\u00fck a Piastri \u00e9s Hamilton k\u00f6z\u00f6tti \u00f6sszecsap\u00e1s, ami miatt sz\u00e9les k\u00f6rben elt\u00e1volodhattok.<\/p>\n<h2 id=\"toc-4\">Marmaray Isztambulon bel\u00fcl: \u00datvonalak, \u00e1llom\u00e1sok, \u00e1tsz\u00e1ll\u00e1sok, menetrend, \u00e9s itt tal\u00e1lja a leg\u00fajabb \u00e1rakat (<\/h2>\n<ul>\n<li>Mivel az \u00faj t\u00edpus\u00fa p\u00e1lya egy kiv\u00e1l\u00f3 d\u00f6nt\u00f6tt elrendez\u00e9s\u0171, \u00f6sv\u00e9nyes elrendez\u00e9ssel \u00f6tv\u00f6z\u00f6tt p\u00e1ly\u00e1nak t\u0171nt, az 1962-es szezonokt\u00f3l kezdve a verseny kiz\u00e1r\u00f3lag az orsz\u00e1g\u00fati p\u00e1ly\u00e1ra \u00f6sszpontos\u00edt, ami olyan, mint a modern, kiindul\u00f3pontnak sz\u00e1m\u00edt\u00f3 \u00faj dal.<\/li>\n<li>Ebben az \u00e1tfog\u00f3 k\u00f6nyvben mindent megvitatunk, amire sz\u00fcks\u00e9ged van ahhoz, hogy meg\u00e9rtsd a Marmaray Isztambult 2024-ben, a t\u00f6rt\u00e9net\u00e9t\u0151l kezdve, hogy felfedezhesd a legl\u00e1togatottabb c\u00e9lpontokat, \u00e9s alapvet\u0151 tippeket kapsz a kellemesebb utaz\u00e1shoz.<\/li>\n<li>\u00c9bredj fel, hogy mindent megkapj, amit a leg\u00fajabb 2024-es Olasz Nagyd\u00edjr\u00f3l tudni kell, amely 53 k\u00f6r\u00f6n kereszt\u00fcl zajlik az 5,793 kilom\u00e9teres Autodromo Nazionale Monza versenyp\u00e1ly\u00e1n, szeptember 1-j\u00e9n, vas\u00e1rnap.<\/li>\n<li>Egy alternat\u00edv alkalmaz\u00e1srendszert biztos\u00edtanak a regisztr\u00e1lt hivat\u00e1sos munkav\u00e1llal\u00f3k sz\u00e1m\u00e1ra, amellyel minden sof\u0151r \u00f6n\u00e1ll\u00f3an folytathatja le a felv\u00e1s\u00e1rl\u00e1si aj\u00e1nlatot.<\/li>\n<li>Azzal a c\u00e9llal v\u00e1ltunk oversteer48-ra, hogy m\u00e1s motorsport-rajong\u00f3kat is adjunk nekik, akik egyed\u00fcl szeretn\u00e9nek sz\u00e1guldozni.<\/li>\n<\/ul>\n<p><img decoding=\"async\" src=\"https:\/\/nesncom.files.wordpress.com\/2018\/11\/jaguars-mascot.jpg\" alt=\"bukm\u00e9ker\" border=\"0\" align=\"right\" style=\"padding: 20px;\"><\/p>\n<p>Juan Manuel Fangio nyerte azt a versenyt, amely val\u00f3j\u00e1ban az utols\u00f3 volt, ahol egy kiv\u00e1l\u00f3 Mercedes rakt\u00e1rcsapat indult 2010-ig. Az els\u0151 Olasz Nagyd\u00edjra 1921 szeptember\u00e9ben ker\u00fclt sor a Montichiari k\u00f6zel\u00e9ben tal\u00e1lhat\u00f3 17,3 km-es p\u00e1ly\u00e1n. Azonban a kateg\u00f3ria \u00faj v\u00e1ltoz\u00e1s\u00e1t Monz\u00e1ban \u2013 amely Mil\u00e1n\u00f3t\u00f3l nem messze tal\u00e1lhat\u00f3 \u2013 a verseny 1922-es kiad\u00e1s\u00e1ban hajtott\u00e1k v\u00e9gre. Vide\u00f3s inform\u00e1ci\u00f3kat is tal\u00e1lhat, amelyek r\u00e9szletesen bemutatj\u00e1k, hogyan, \u00e9s hol n\u00e9zheti a leg\u00fajabb versenyt a t\u00e9v\u00e9ben, vagy let\u00f6ltheti az \u00faj 2024-es Olasz Nagyd\u00edj csomagot a mobilk\u00e9sz\u00fcl\u00e9kre.<\/p>\n<h2 id=\"toc-5\">Sport<\/h2>\n<p>Alain Prost gy\u0151z\u00f6tt az 1981-es szezont\u00f3l kezdve, \u00e9s a versenyt John Watson hatalmas \u00fctk\u00f6z\u00e9ssel figyelte a k\u00f6vetkez\u0151 Lesm\u00f3n, b\u00e1r a brit val\u00f3j\u00e1ban nem s\u00e9r\u00fclt meg McLarenj\u00e9ben. Katasztr\u00f3fa t\u00f6rt\u00e9nt az 1970-es Olasz Nagyd\u00edj id\u0151m\u00e9r\u0151j\u00e9n, amikor Jochen Rindt f\u00e9ktengely-meghib\u00e1sod\u00e1s miatt \u00f6sszet\u00f6rte a fen\u00e9ksz\u00e1rny\u00fa Lotus\u00e1t. Az \u00faj osztr\u00e1k aut\u00f3 let\u00e9rt a p\u00e1ly\u00e1r\u00f3l, \u00e9s egy rosszul r\u00f6gz\u00edtett korl\u00e1tnak \u00fctk\u00f6z\u00f6tt. Az \u00faj 1962-es Olasz Nagyd\u00edj visszat\u00e9rt a k\u00f6z\u00fati p\u00e1ly\u00e1ra, mivel a p\u00e9nzt soha nem haszn\u00e1lt\u00e1k fel a Formula 1-ben.<\/p>\n<p>Az 1933-as Olasz Nagyd\u00edj visszat\u00e9rt a hagyom\u00e1nyos, szeptember eleji id\u0151beoszt\u00e1s\u00e1hoz, de sajnos ism\u00e9t katasztr\u00f3fa s\u00fajtotta a nagy esem\u00e9nyt. Az \u00faj Autodromo csup\u00e1n a harmadik \u00e1lland\u00f3 p\u00e1lya volt az \u00faj k\u00f6z\u00f6ss\u00e9gben abban az id\u0151ben, Brooklands (Egyes\u00fclt Kir\u00e1lys\u00e1g) \u00e9s Indianapolis (Egyes\u00fclt \u00c1llamok) mellett. Az \u00faj Olasz Nagyd\u00edj az \u00f6t\u00f6dik legr\u00e9gebbi sz\u00f6vets\u00e9gi Nagyd\u00edj, amelyet 1921 \u00f3ta tartanak. Ez az egyik a k\u00e9t nagyd\u00edj k\u00f6z\u00fcl (\u00e9s az Egyes\u00fclt Kir\u00e1lys\u00e1gban is), amely az F1 ipar\u00e1gi bajnoks\u00e1g\u00e1nak minden \u00e9v\u00e9ben r\u00e9sze volt, mi\u00f3ta 1950-ben bevezett\u00e9k. A Fubo nem ig\u00e9nyel szerz\u0151d\u00e9sk\u00f6t\u00e9st vagy l\u00e1togat\u00e1st \u00e9ves csomagra, \u00edgy b\u00e1rmikor elkezdheti vagy lemondhatja szolg\u00e1ltat\u00e1s\u00e1t. \u00c9bredjen, hogy mindent megtudjon az \u00faj 2024-es Olasz Nagyd\u00edjr\u00f3l, amely t\u00f6bb mint 53 k\u00f6rt vesz ig\u00e9nybe az 5,793 kilom\u00e9teres Autodromo Nazionale Monz\u00e1ban a szeptember 1. h\u00e9tv\u00e9g\u00e9j\u00e9ig.<\/p>\n<p>A Ferrari a hazai k\u00f6z\u00f6ns\u00e9g el\u0151tt egy er\u0151teljes teljes\u00edtm\u00e9nyr\u0151l \u00e1lmodozhat. Carlos Sainz harmadik helyen v\u00e9gzett a 2023-as szezonban Charles Leclerc er\u0151s zandvoorti teljes\u00edtm\u00e9ny\u00e9vel, \u00edgy nagy rem\u00e9nyekkel tekinthet\u00fcnk a versenyh\u00e9tv\u00e9g\u00e9re. Minden aut\u00f3vezet\u0151 indul a Q1-ben, a leggyorsabb 15 a Q2-ben, a leggyorsabb 10 pedig az \u00faj Q3-as pole poz\u00edci\u00f3\u00e9rt foly\u00f3 p\u00e1rharcban. B\u00f6ng\u00e9szd \u00e1t a 2025-\u00f6s F1-es versenynapt\u00e1rat, hogy betekint\u00e9st nyerj az \u00f6sszes \u00faj versenybe, amelyek kiterjedt h\u00e1tt\u00e9rrel \u00e9s val\u00f3s idej\u0171 tan\u00e1csokkal rendelkeznek. A kezdetek el\u0151tt Yuki Tsunoda motorhiba miatt vonult vissza a rajthoz a bemeleg\u00edt\u0151 k\u00f6rben.<\/p>\n<p><img decoding=\"async\" src=\"http:\/\/www.bovada.com\/images\/470x370-Bovada-AllSports-Banner%20%281%29.jpg\" alt=\"bukm\u00e9ker\" align=\"right\" border=\"0\"><\/p>\n<p>Max Verstappen hat\u00e9konyan v\u00e1ltott poz\u00edci\u00f3t egy m\u00e1sik poz\u00edci\u00f3b\u00f3l, azonban a korm\u00e1ny m\u00f6g\u00f6tt \u00e1ll\u00f3 Carlos Sainz \u00fcgyesen megv\u00e9dte eredeti h\u00edrnev\u00e9t. Az \u00faj spanyol pil\u00f3ta profi m\u00f3don tartotta kezdeti poz\u00edci\u00f3j\u00e1t a tizen\u00f6t\u00f6dik k\u00f6rig, ezut\u00e1n Verstappen megel\u0151zte \u0151t. Az \u00faj 2020-as Olasz Nagyd\u00edj tal\u00e1n az \u00e9v egyik legnagyszer\u0171bb esem\u00e9nye, Pierre Gasly nyerte els\u0151 F1-es verseny\u00e9t, Franciaorsz\u00e1g pedig az els\u0151 nagyd\u00edjbajnok, Olivier Panis pedig az 1996-os Monac\u00f3i Nagyd\u00edjon. Michael Schumacher megszerezte a Ferrari ir\u00e1ny\u00edt\u00e1s\u00e1t az 1996-os csapattal t\u00f6lt\u00f6tt els\u0151 szezonjaiban, de 2000-ben tov\u00e1bbi v\u00e1ltoztat\u00e1sokat eszk\u00f6z\u00f6ltek a dalon. A versenyz\u00e9s a k\u00f6vetkez\u0151 \u00e9vben visszat\u00e9rt Monz\u00e1ba, \u00e9s az\u00f3ta is ott van.<\/p>\n","protected":false},"excerpt":{"rendered":"<p>Cikkek Olasz Nagyd\u00edj id\u0151m\u00e9r\u0151 edz\u00e9se | bukm\u00e9ker Olasz Nagyd\u00edj selejtez\u0151 d\u00e1tuma Mit mondott a Pirelli az F1-es csapatoknak a Hamilton\/Sainz gumiabroncs-csal\u00f3d\u00e1ssal kapcsolatban? 1. algoritmus Olasz GP oszt\u00e1ly id\u0151beoszt\u00e1sa az USA-ban (keleti id\u0151) Marmaray Isztambulon bel\u00fcl: \u00datvonalak, \u00e1llom\u00e1sok, \u00e1tsz\u00e1ll\u00e1sok, menetrend, \u00e9s itt tal\u00e1lja a leg\u00fajabb \u00e1rakat ( Sport A Sirkeci \u00e1llom\u00e1s k\u00f6nny\u0171 hozz\u00e1f\u00e9r\u00e9st biztos\u00edt az \u00faj [&hellip;]<\/p>\n","protected":false},"author":1,"featured_media":0,"comment_status":"closed","ping_status":"closed","sticky":false,"template":"","format":"standard","meta":{"ngg_post_thumbnail":0,"footnotes":""},"categories":[1],"tags":[],"class_list":{"0":"post-97098","1":"post","2":"type-post","3":"status-publish","4":"format-standard","6":"category-genel"},"_links":{"self":[{"href":"https:\/\/www.technotherm.com.tr\/en\/wp-json\/wp\/v2\/posts\/97098","targetHints":{"allow":["GET"]}}],"collection":[{"href":"https:\/\/www.technotherm.com.tr\/en\/wp-json\/wp\/v2\/posts"}],"about":[{"href":"https:\/\/www.technotherm.com.tr\/en\/wp-json\/wp\/v2\/types\/post"}],"author":[{"embeddable":true,"href":"https:\/\/www.technotherm.com.tr\/en\/wp-json\/wp\/v2\/users\/1"}],"replies":[{"embeddable":true,"href":"https:\/\/www.technotherm.com.tr\/en\/wp-json\/wp\/v2\/comments?post=97098"}],"version-history":[{"count":1,"href":"https:\/\/www.technotherm.com.tr\/en\/wp-json\/wp\/v2\/posts\/97098\/revisions"}],"predecessor-version":[{"id":97099,"href":"https:\/\/www.technotherm.com.tr\/en\/wp-json\/wp\/v2\/posts\/97098\/revisions\/97099"}],"wp:attachment":[{"href":"https:\/\/www.technotherm.com.tr\/en\/wp-json\/wp\/v2\/media?parent=97098"}],"wp:term":[{"taxonomy":"category","embeddable":true,"href":"https:\/\/www.technotherm.com.tr\/en\/wp-json\/wp\/v2\/categories?post=97098"},{"taxonomy":"post_tag","embeddable":true,"href":"https:\/\/www.technotherm.com.tr\/en\/wp-json\/wp\/v2\/tags?post=97098"}],"curies":[{"name":"wp","href":"https:\/\/api.w.org\/{rel}","templated":true}]}}