{"id":97113,"date":"2025-09-15T04:33:04","date_gmt":"2025-09-15T01:33:04","guid":{"rendered":"https:\/\/www.technotherm.com.tr\/?p=97113"},"modified":"2025-09-15T04:33:06","modified_gmt":"2025-09-15T01:33:06","slug":"motorsport-olaszorszagban-wikipedia","status":"publish","type":"post","link":"https:\/\/www.technotherm.com.tr\/en\/motorsport-olaszorszagban-wikipedia\/","title":{"rendered":"Motorsport Olaszorsz\u00e1gban (Wikip\u00e9dia)"},"content":{"rendered":"<div id=\"toc\" style=\"background: #f9f9f9;border: 1px solid #aaa;display: table;margin-bottom: 1em;padding: 1em;width: 350px;\">\n<p class=\"toctitle\" style=\"font-weight: 700;text-align: center;\">Bejegyz\u00e9sek<\/p>\n<ul class=\"toc_list\">\n<li><a href=\"#toc-0\">K\u00f6zelg\u0151 versenyek<\/a><\/li>\n<li><a href=\"#toc-1\">Lewis Hamilton kor\u00e1bbi szponzora viccesen g\u00fanyolja a legend\u00e1s Ferrari fot\u00f3kat a k\u00f6nnyed blogbejegyz\u00e9sben<\/a><\/li>\n<li><a href=\"#toc-2\">MotoGP Olasz Nagyd\u00edj \u00f3r\u00e1inak id\u0151pontjai Amerik\u00e1ban<\/a><\/li>\n<li><a href=\"#toc-3\">Bagnai\u00e1nak sz\u00fcks\u00e9ge van a versenygy\u0151zelmekre Olaszorsz\u00e1gban, Martin s\u00e9r\u00fcl\u00e9sei miatt nem j\u00e1tszhat a szezon v\u00e9g\u00e9n.<\/a><\/li>\n<\/ul>\n<\/div>\n<p>A sprintb\u0151l hatodik lett, \u00e9s tov\u00e1bbra is versenyben maradhatsz, hogy a h\u00e9t v\u00e9g\u00e9re MotoGP-t\u00f6rt\u00e9nelmet \u00e9p\u00edts azzal, hogy h\u00e1rom m\u00e1sik gy\u00e1rban (m\u00e1r a Hond\u00e1n\u00e1l \u00e9s a Ducat\u00e1n\u00e1l) Grand Prix-gy\u0151zelmeket aratsz. Mi\u00e9rt ne v\u00e1lasztan\u00e1nk a MotoGP-bajnoki c\u00edmed hatodik fordul\u00f3j\u00e1t ebben a szezonban, hogy egy Olasz Nagyd\u00edjat rendezz\u00fcnk az \u00faj Mugello p\u00e1ly\u00e1n? <!--more--> Miel\u0151tt a saj\u00e1t sz\u00e1mod k\u00f6zep\u00e9re \u00e9rn\u00e9l, ez a k\u00e9tnapos \u00e9lvezet \u00e9s egy nagyszer\u0171 gyorsverseny ut\u00e1ni kies\u0151 \u00e1llapot, \u00e9s tov\u00e1bbra is \u00e9rezteti hat\u00e1s\u00e1t&#8230;<\/p>\n<h2 id=\"toc-0\">K\u00f6zelg\u0151 versenyek<\/h2>\n<p>A Ferrari a kor\u00e1bbi j\u00e1rm\u0171vek elemz\u00e9s\u00e9t v\u00e9gezte el, melynek sor\u00e1n mindk\u00e9t j\u00e1rm\u0171vezet\u0151 megtapasztalta, hogy Hamilton ismeri az F1-es eszk\u00f6zeiket. A barcelonai jelenlegi teszt ut\u00e1n a t\u00f6bbi versenyz\u0151nek is r\u00e9szt kell vennie a leg\u00fajabb Pirelli gumiabroncs-teszten a Cuatro \u00e9s febru\u00e1r 5-\u00e9n. Augusto Fernandez visszat\u00e9rt, hogy egy probl\u00e9ma miatt kiesett az \u00faj csat\u00e1b\u00f3l. Jorge Martin legy\u0151zte a j\u00f3 h\u00edr\u0171, \u00fagynevezett riv\u00e1lis Bagnai\u00e1t \u00e9s Marquezt, miut\u00e1n a harmadik helyr\u0151l kiesett az \u00faj versenyen. Az egyetlen negat\u00edvum Bagnaia p\u00e9nteki verseny\u00e9ben egy Alex Marquez elleni szabadedz\u00e9s, aki \u00e9ppen meg akart \u00e1llni, amikor Bagnaia egy j\u00f3 k\u00f6rt cs\u00faszott ki a Correntaio-ban. Marquez ekkor d\u00fch\u00f6s volt, \u00e9s az \u00fcgyet \u00e1tadt\u00e1k az \u00faj MotoGP Fel\u00fcgyel\u0151i Test\u00fcletnek, hogy nyilatkozzanak.<\/p>\n<ul>\n<li>Az \u00faj, h\u00e9tszeres k\u00f6z\u00f6ss\u00e9gi gy\u0151ztes a Ferrarihoz igazol, aki a nyolcadik ipar\u00e1gi ciklus\u00e1ra k\u00e9sz\u00fcl, miut\u00e1n t\u00f6bb \u00e9vig sikeresen egy\u00fcttm\u0171k\u00f6d\u00f6tt a Mercedesszel, \u00e9s ez alatt nyolc konstrukt\u0151ri bajnoks\u00e1got \u00e9s hat bajnoki c\u00edmet jegyzett.<\/li>\n<li>Egy kiv\u00e1l\u00f3 Moto3\u2122 id\u0151m\u00e9r\u0151 edz\u00e9s z\u00e1rult David Alonso (CFMOTO Valresa Aspar People) lend\u00fclet\u00e9vel, aki a Premio d&#39;Italia Brembo \u00faj polg\u00e1rmester\u00e9nek hihetetlen vas\u00e1rnapi eredm\u00e9nyeit k\u00f6vet\u0151en k\u00fczd\u00f6tt meg a helyez\u00e9s\u00e9rt.<\/li>\n<li>A saj\u00e1t versenyz\u0151id k\u00f6z\u00fcl senki sem igaz\u00e1n k\u00fczd\u00f6tt az\u00e9rt, hogy a pole poz\u00edci\u00f3d \u00e1llapota javuljon a m\u00e1sodik munk\u00e1dhoz k\u00e9pest.<\/li>\n<li>Marc Marquez \u00e9s Dani Pedrosa egyar\u00e1nt j\u00f3l szerepeltek a leny\u0171g\u00f6z\u0151 Olasz Nagyd\u00edjon, ahol az \u00faj futamot egy m\u00e1sodperc lemaradva teljes\u00edtett\u00e9k, \u00e9s egy nagyszer\u0171 dobog\u00f3s helyen v\u00e9gezhettek Mugell\u00f3ban.<\/li>\n<\/ul>\n<h2 id=\"toc-1\">Lewis Hamilton kor\u00e1bbi szponzora viccesen g\u00fanyolja a legend\u00e1s Ferrari fot\u00f3kat a k\u00f6nnyed blogbejegyz\u00e9sben<\/h2>\n<p>A Repsol Honda versenyz\u0151je, Marc Marquez sorozatban hatodszor szerezte meg pole poz\u00edci\u00f3j\u00e1t 2014-ben, <a href=\"https:\/\/fogadas-sport.com\/williamhill\/\">https:\/\/fogadas-sport.com\/williamhill\/<\/a> a k\u00f6vetkez\u0151 ciklusban csapatt\u00e1rsa, Dani Pedrosa is ott volt. A tegnapi szokatlan id\u0151j\u00e1r\u00e1s ut\u00e1n, amikor a h\u00f3es\u00e9s elriasztotta a nap folyam\u00e1n a p\u00e1ly\u00e1ra mer\u00e9szked\u0151 versenyz\u0151k egy r\u00e9sz\u00e9t, a nap most ragyogni kezd&#8230; b\u0151vebben. Marc Marquez j\u00f3l indult a m\u00e1sodik sorban, az els\u0151 k\u00f6rt a harmadik helyen tette meg, \u00e9s n\u00e9h\u00e1ny k\u00f6rrel k\u00e9s\u0151bb felj\u00f6tt a m\u00e1sodik helyre.<\/p>\n<p>A MotoGP\u2122 Dash-ban az \u00faj pontoz\u00e1si rendszer m\u00e1s, hogy az alap kilenc motoros \u00e9rjen c\u00e9lba. \u00c9s amikor a rajong\u00f3k szeretn\u00e9k l\u00e1tni a modern MotoGP\u2122 verseny eredm\u00e9nyeinek \u00f6sszes\u00edt\u00e9s\u00e9t, megn\u00e9zhetik a hivatalos MotoGP\u2122 teljes\u00edtm\u00e9nyz\u00f3n\u00e1t, ahol az \u00f6sszes k\u00f6r\u00f6nk\u00e9nti \u00f6sszes versenyz\u0151 teljes\u00edtm\u00e9ny\u00e9t m\u00e9rik az adott Grand Prix-n. \u201eHihetetlen! Nem is tudom, mit mondjak. Teljesen le vagyok ny\u0171g\u00f6zve! Visszav\u00e1gtunk a bulimnak \u00e9s a csal\u00e1domnak. Az utols\u00f3 k\u00f6r\u00f6kben m\u00e1r nem is ment\u00fcnk biztons\u00e1gosan, mert s\u00edrtam\u201d \u2013 mondta Martin a verseny ut\u00e1n. A Q1-ben val\u00f3 \u00e1tjut\u00e1s ut\u00e1n Miller az 5. helyre kvalifik\u00e1lta mag\u00e1t (\u00e9s ezzel a negyedik helyen kezdhette), \u00edgy megel\u0151zve a KTM legjobb MotoGP selejtez\u0151j\u00e9t a mugell\u00f3i versenyr\u0151l.<\/p>\n<h2 id=\"toc-2\">MotoGP Olasz Nagyd\u00edj \u00f3r\u00e1inak id\u0151pontjai Amerik\u00e1ban<\/h2>\n<p><img decoding=\"async\" src=\"https:\/\/images2.minutemediacdn.com\/image\/upload\/c_fill,g_auto,h_1248,w_2220\/f_auto,q_auto,w_1100\/v1555927843\/shape\/mentalfloss\/packers-seahawks-refs_6.jpg\" alt=\"expert betting tips\" align=\"right\" border=\"1\" style=\"padding: 0px;\"><\/p>\n<p>K\u00f6vesd nyomon, ki gy\u0171jti a leg\u00fajabb probl\u00e9m\u00e1kat, \u00e9s a hivatalos MotoGP\u2122 teljes\u00edtm\u00e9nyz\u00f3n\u00e1n kereszt\u00fcl te d\u00f6nt\u00f6d meg az \u00faj MotoGP\u2122 tabell\u00e1t. Martin sz\u00e9p rev\u00e1nsot vett 2024-ben, az \u00faj szezonban az \u00e9v utols\u00f3 verseny\u00e9n, a leg\u00fajabb Circuit de Barcelona-Catalunya p\u00e1ly\u00e1n. Az elm\u00falt k\u00f6r\u00fclbel\u00fcl h\u00e1rom szezonbeli esem\u00e9ny dr\u00e1m\u00e1t hozott a szezon utols\u00f3 Grand Prix-j\u00e9n a 2022-es \u00e9s 2023-as Francesco Bagnaia \u00e1ltal megszerzett c\u00edmeidhez. Martin t\u00e1mad\u00e1sba lend\u00fclt Bastianini \u00e9s Marquez ellen, akik megpr\u00f3b\u00e1lt\u00e1k behozni a pontot.<\/p>\n<p>A k\u00f6r\u00f6nk\u00e9nt egy hajsz\u00e1llal kisebb boxutc\u00e1ban mindenki arra v\u00e1rt, hogy Casadei melyik \u00fct\u0151t \u00e9ri el. Martin a Q2-ben rajtolt el, be\u00e1ll\u00edtva az els\u0151 igazi rekordot, 0,043-as id\u0151t Bagnaia el\u0151tt, de az #1-es aut\u00f3 gyorsan visszav\u00e1gott. Az els\u0151 k\u00f6r elej\u00e9n, hasonl\u00f3an ahhoz, hogy Martin +0,000-es el\u0151nnyel indult a m\u00e1sodikban, majd alig t\u00f6bb mint 10. helyen \u00e1llt a harmadikban, \u00fagy t\u0171nt, hogy t\u00f6bbet akar szerezni, de a s\u00e1vban mind\u00f6ssze 0,068-as h\u00e1tr\u00e1nyban volt, \u00edgy a kor\u00e1bbi teljes\u00edtm\u00e9ny\u00fck a legjobb volt. Az \u00faj #89-es aut\u00f3 megel\u0151zte Marquezt, aki k\u00f6zvetlen\u00fcl m\u00f6g\u00f6tte indult, \u00e9s egy sokkal biztons\u00e1gosabb harmadik helyen \u00e1ll Acosta el\u0151tt.<\/p>\n<p>Adrian Fernandez (Leopard Race), a kezd\u0151 Jacob Roulstone (Reddish Bull GASGAS Tech3) \u00e9s Matteo Bertelle (Kopron Rivacold Snipers People) v\u00e9gzett a legjobb 10-ben a magasabb kateg\u00f3ri\u00e1j\u00fa versenyben. David Alonso (CFMoto Valresa Aspar Group) tov\u00e1bbra is a Moto3\u2122 mez\u0151ny\u00e9nek gy\u0151ztese, aki id\u00e9nybeli \u00f6t\u00f6dik gy\u0151zelm\u00e9t aratta Mugell\u00f3ban. A frissen indul\u00f3 kolumbiai versenyz\u0151 a nagyszer\u0171, 11 k\u00f6r\u00f6s verseny nagy r\u00e9sz\u00e9ben az \u00e9len j\u00e1rt, \u00e9s a verseny k\u00e9s\u0151bbi szakasz\u00e1ban is kitartott Collin Veijer (Liqui Moly Husqvarna Undamaged GP) el\u0151l, amikor \u00fagy d\u00f6nt\u00f6tt, hogy m\u00e1s, 25 k\u00f6r\u00f6s versenyeket is ind\u00edt.<\/p>\n<h2 id=\"toc-3\">Bagnai\u00e1nak sz\u00fcks\u00e9ge van a versenygy\u0151zelmekre Olaszorsz\u00e1gban, Martin s\u00e9r\u00fcl\u00e9sei miatt nem j\u00e1tszhat a szezon v\u00e9g\u00e9n.<\/h2>\n<p>Az \u00faj olasz pil\u00f3ta felismerte az \u00faj kapcsolatot, \u00e9s kalandot jelenthetett l\u00e1tni, hogyan teljes\u00edtenek Hamilton \u00e9s fantasztikus csapatt\u00e1rsa, Charles Leclerc a Ferrarival. Az \u00faj k\u00f6rlist\u00e1t Franco Morbidelli rontotta meg a Q1-ben, de az olasz nem tudta megism\u00e9telni a Q2-ben, \u00edgy a 6. helyen v\u00e9gzett. Marc Marquez a 18. k\u00f6rben a 3. helyre \u00e1ll\u00edtotta Bastianint, de nem \u00e9rezte \u00fagy, hogy utol\u00e9rje Martint, vagy hogy az \u00faj olaszt maga m\u00f6g\u00f6tt tartsa. Az \u00faj #93-as aut\u00f3 a negyedik helyen v\u00e9gzett, \u00edgy az eredeti versenyben a sr\u00e1c lemaradt az \u00faj dobog\u00f3r\u00f3l, mik\u00f6zben a sr\u00e1c a Nyelvi Sprintben kiesett. A Repsol Honda versenyz\u0151je, Marc Marquez tov\u00e1bbra is az olaszorsz\u00e1gi FP1-es versenysorozat f\u0151szerepl\u0151je, ahol a leggyorsabb id\u0151t futotta a m\u00falt heti FP1-es versenyen. Az es\u0151 vesz\u00e9lye \u2013 \u00e9s a p\u00e1ly\u00e1ra hull\u00f3 f\u00e9nyek \u2013 miatt azonban Marc \u00e9s csapatt\u00e1rsa, Dani Pedrosa sem \u00e1llt ki, egyszer\u0171en&#8230; tudj meg t\u00f6bbet.<\/p>\n","protected":false},"excerpt":{"rendered":"<p>Bejegyz\u00e9sek K\u00f6zelg\u0151 versenyek Lewis Hamilton kor\u00e1bbi szponzora viccesen g\u00fanyolja a legend\u00e1s Ferrari fot\u00f3kat a k\u00f6nnyed blogbejegyz\u00e9sben MotoGP Olasz Nagyd\u00edj \u00f3r\u00e1inak id\u0151pontjai Amerik\u00e1ban Bagnai\u00e1nak sz\u00fcks\u00e9ge van a versenygy\u0151zelmekre Olaszorsz\u00e1gban, Martin s\u00e9r\u00fcl\u00e9sei miatt nem j\u00e1tszhat a szezon v\u00e9g\u00e9n. A sprintb\u0151l hatodik lett, \u00e9s tov\u00e1bbra is versenyben maradhatsz, hogy a h\u00e9t v\u00e9g\u00e9re MotoGP-t\u00f6rt\u00e9nelmet \u00e9p\u00edts azzal, hogy h\u00e1rom m\u00e1sik [&hellip;]<\/p>\n","protected":false},"author":1,"featured_media":0,"comment_status":"closed","ping_status":"closed","sticky":false,"template":"","format":"standard","meta":{"ngg_post_thumbnail":0,"footnotes":""},"categories":[1],"tags":[],"class_list":{"0":"post-97113","1":"post","2":"type-post","3":"status-publish","4":"format-standard","6":"category-genel"},"_links":{"self":[{"href":"https:\/\/www.technotherm.com.tr\/en\/wp-json\/wp\/v2\/posts\/97113","targetHints":{"allow":["GET"]}}],"collection":[{"href":"https:\/\/www.technotherm.com.tr\/en\/wp-json\/wp\/v2\/posts"}],"about":[{"href":"https:\/\/www.technotherm.com.tr\/en\/wp-json\/wp\/v2\/types\/post"}],"author":[{"embeddable":true,"href":"https:\/\/www.technotherm.com.tr\/en\/wp-json\/wp\/v2\/users\/1"}],"replies":[{"embeddable":true,"href":"https:\/\/www.technotherm.com.tr\/en\/wp-json\/wp\/v2\/comments?post=97113"}],"version-history":[{"count":1,"href":"https:\/\/www.technotherm.com.tr\/en\/wp-json\/wp\/v2\/posts\/97113\/revisions"}],"predecessor-version":[{"id":97115,"href":"https:\/\/www.technotherm.com.tr\/en\/wp-json\/wp\/v2\/posts\/97113\/revisions\/97115"}],"wp:attachment":[{"href":"https:\/\/www.technotherm.com.tr\/en\/wp-json\/wp\/v2\/media?parent=97113"}],"wp:term":[{"taxonomy":"category","embeddable":true,"href":"https:\/\/www.technotherm.com.tr\/en\/wp-json\/wp\/v2\/categories?post=97113"},{"taxonomy":"post_tag","embeddable":true,"href":"https:\/\/www.technotherm.com.tr\/en\/wp-json\/wp\/v2\/tags?post=97113"}],"curies":[{"name":"wp","href":"https:\/\/api.w.org\/{rel}","templated":true}]}}